{"id":3758,"date":"2022-04-27T09:31:23","date_gmt":"2022-04-27T07:31:23","guid":{"rendered":"https:\/\/imrecobros.com\/?p=3758"},"modified":"2022-12-19T17:35:26","modified_gmt":"2022-12-19T16:35:26","slug":"cuando-caduca-una-deuda-prescripcion-de-una-deuda","status":"publish","type":"post","link":"https:\/\/imrecobros.com\/pt\/cuando-caduca-una-deuda-prescripcion-de-una-deuda\/","title":{"rendered":"Uma d\u00edvida n\u00e3o paga expira?"},"content":{"rendered":"<div data-elementor-type=\"wp-post\" data-elementor-id=\"3758\" class=\"elementor elementor-3758\">\n\t\t\t\t\t\t<section class=\"elementor-section elementor-top-section elementor-element elementor-element-234726b elementor-section-boxed elementor-section-height-default elementor-section-height-default\" data-id=\"234726b\" data-element_type=\"section\">\n\t\t\t\t\t\t<div class=\"elementor-container elementor-column-gap-default\">\n\t\t\t\t\t<div class=\"elementor-column elementor-col-100 elementor-top-column elementor-element elementor-element-28ebd12\" data-id=\"28ebd12\" data-element_type=\"column\">\n\t\t\t<div class=\"elementor-widget-wrap elementor-element-populated\">\n\t\t\t\t\t\t<div class=\"elementor-element elementor-element-6920fcc elementor-widget elementor-widget-image\" data-id=\"6920fcc\" data-element_type=\"widget\" data-widget_type=\"image.default\">\n\t\t\t\t<div class=\"elementor-widget-container\">\n\t\t\t\t\t\t\t\t\t\t\t\t\t<img fetchpriority=\"high\" decoding=\"async\" width=\"1024\" height=\"683\" src=\"https:\/\/imrecobros.com\/wp-content\/uploads\/2022\/04\/D344496F-428D-4326-BFA9-5175F3A0629B-1024x683.jpeg\" class=\"attachment-large size-large wp-image-3761\" alt=\"\" srcset=\"https:\/\/imrecobros.com\/wp-content\/uploads\/2022\/04\/D344496F-428D-4326-BFA9-5175F3A0629B-1024x683.jpeg 1024w, https:\/\/imrecobros.com\/wp-content\/uploads\/2022\/04\/D344496F-428D-4326-BFA9-5175F3A0629B-300x200.jpeg 300w, https:\/\/imrecobros.com\/wp-content\/uploads\/2022\/04\/D344496F-428D-4326-BFA9-5175F3A0629B-768x512.jpeg 768w, https:\/\/imrecobros.com\/wp-content\/uploads\/2022\/04\/D344496F-428D-4326-BFA9-5175F3A0629B-1536x1024.jpeg 1536w, https:\/\/imrecobros.com\/wp-content\/uploads\/2022\/04\/D344496F-428D-4326-BFA9-5175F3A0629B-2048x1365.jpeg 2048w\" sizes=\"(max-width: 1024px) 100vw, 1024px\" \/>\t\t\t\t\t\t\t\t\t\t\t\t\t<\/div>\n\t\t\t\t<\/div>\n\t\t\t\t\t<\/div>\n\t\t<\/div>\n\t\t\t\t\t<\/div>\n\t\t<\/section>\n\t\t\t\t<section class=\"elementor-section elementor-top-section elementor-element elementor-element-0a705a1 elementor-section-boxed elementor-section-height-default elementor-section-height-default\" data-id=\"0a705a1\" data-element_type=\"section\">\n\t\t\t\t\t\t<div class=\"elementor-container elementor-column-gap-default\">\n\t\t\t\t\t<div class=\"elementor-column elementor-col-100 elementor-top-column elementor-element elementor-element-ea90f9e\" data-id=\"ea90f9e\" data-element_type=\"column\">\n\t\t\t<div class=\"elementor-widget-wrap elementor-element-populated\">\n\t\t\t\t\t\t<div class=\"elementor-element elementor-element-a5d8288 elementor-widget elementor-widget-heading\" data-id=\"a5d8288\" data-element_type=\"widget\" data-widget_type=\"heading.default\">\n\t\t\t\t<div class=\"elementor-widget-container\">\n\t\t\t<h3 class=\"elementor-heading-title elementor-size-default\">A d\u00edvida n\u00e3o paga e n\u00e3o recuperada n\u00e3o expira, mas sim <b>prescrever<\/b> a a\u00e7\u00e3o para reivindic\u00e1-lo.<\/h3>\t\t<\/div>\n\t\t\t\t<\/div>\n\t\t\t\t\t<\/div>\n\t\t<\/div>\n\t\t\t\t\t<\/div>\n\t\t<\/section>\n\t\t\t\t<section class=\"elementor-section elementor-top-section elementor-element elementor-element-f0506d5 elementor-section-boxed elementor-section-height-default elementor-section-height-default\" data-id=\"f0506d5\" data-element_type=\"section\">\n\t\t\t\t\t\t<div class=\"elementor-container elementor-column-gap-default\">\n\t\t\t\t\t<div class=\"elementor-column elementor-col-100 elementor-top-column elementor-element elementor-element-4ab40e2\" data-id=\"4ab40e2\" data-element_type=\"column\">\n\t\t\t<div class=\"elementor-widget-wrap elementor-element-populated\">\n\t\t\t\t\t\t<div class=\"elementor-element elementor-element-7118359 elementor-widget elementor-widget-text-editor\" data-id=\"7118359\" data-element_type=\"widget\" data-widget_type=\"text-editor.default\">\n\t\t\t\t<div class=\"elementor-widget-container\">\n\t\t\t\t\t\t\t<p><span style=\"color: #000000;\">P<\/span><span style=\"color: #000000; font-size: 15px; font-style: normal; font-weight: 400;\">principalmente<\/span><span style=\"color: #000000; font-size: 15px; font-style: normal; font-weight: 400;\">\u00a0e<\/span><span style=\"font-size: 15px; color: #000000;\">\u00c9 importante saber disso <b>uma d\u00edvida n\u00e3o expira<\/b>.\u00a0<\/span><span style=\"font-size: 15px; color: #000000;\">O <\/span><span style=\"font-size: 15px; color: #000000;\">prescri\u00e7\u00e3o <\/span><span style=\"font-size: 15px; color: #000000;\">de uma d\u00edvida n\u00e3o paga representa uma forma de extin\u00e7\u00e3o das a\u00e7\u00f5es de cobran\u00e7a pela mera passagem do tempo e est\u00e1 regulamentada nos arts. 1961 a 1975 do C\u00f3digo Civil.<\/span><\/p><p><span style=\"color: #000000;\">Sup\u00f5e-se que o propriet\u00e1rio tenha abandonado o seu direito de cobran\u00e7a ao deixar passar o tempo sem exigir o pagamento do devedor, sem exercer o seu \u201cdever\u201d de cobran\u00e7a da d\u00edvida. A demora na reclama\u00e7\u00e3o de inadimpl\u00eancia pode at\u00e9 extinguir o direito do credor \u00e0 a\u00e7\u00e3o judicial para cobran\u00e7a de sua d\u00edvida.<\/span><\/p><p><span style=\"color: #000000;\">Em <a href=\"https:\/\/imrecobros.com\/pt\/\">Recupera\u00e7\u00f5es IM <\/a>Ajudamos voc\u00ea a recuperar suas d\u00edvidas antes que elas expirem!<\/span><\/p>\t\t\t\t\t\t<\/div>\n\t\t\t\t<\/div>\n\t\t\t\t\t<\/div>\n\t\t<\/div>\n\t\t\t\t\t<\/div>\n\t\t<\/section>\n\t\t\t\t<section class=\"elementor-section elementor-top-section elementor-element elementor-element-1ce0728 elementor-section-boxed elementor-section-height-default elementor-section-height-default\" data-id=\"1ce0728\" data-element_type=\"section\">\n\t\t\t\t\t\t<div class=\"elementor-container elementor-column-gap-default\">\n\t\t\t\t\t<div class=\"elementor-column elementor-col-100 elementor-top-column elementor-element elementor-element-200708f\" data-id=\"200708f\" data-element_type=\"column\">\n\t\t\t<div class=\"elementor-widget-wrap elementor-element-populated\">\n\t\t\t\t\t\t<div class=\"elementor-element elementor-element-36c3be1 elementor-widget elementor-widget-text-editor\" data-id=\"36c3be1\" data-element_type=\"widget\" data-widget_type=\"text-editor.default\">\n\t\t\t\t<div class=\"elementor-widget-container\">\n\t\t\t\t\t\t\t<h3><span style=\"color: #1468b1;\"><strong>Os prazos gen\u00e9ricos de prescri\u00e7\u00e3o para uma d\u00edvida n\u00e3o paga<\/strong><\/span><\/h3><p><span style=\"color: #000000;\">Em rela\u00e7\u00e3o aos prazos de prescri\u00e7\u00e3o para d\u00edvidas n\u00e3o pagas, a\u00e7\u00f5es pessoais que n\u00e3o tenham prazo espec\u00edfico indicado <strong>prescrever ap\u00f3s 5 anos<\/strong> a partir do momento em que o cumprimento da obriga\u00e7\u00e3o possa ser exigido.<\/span><\/p>\t\t\t\t\t\t<\/div>\n\t\t\t\t<\/div>\n\t\t\t\t\t<\/div>\n\t\t<\/div>\n\t\t\t\t\t<\/div>\n\t\t<\/section>\n\t\t\t\t<section class=\"elementor-section elementor-top-section elementor-element elementor-element-ac16d29 elementor-section-boxed elementor-section-height-default elementor-section-height-default\" data-id=\"ac16d29\" data-element_type=\"section\">\n\t\t\t\t\t\t<div class=\"elementor-container elementor-column-gap-default\">\n\t\t\t\t\t<div class=\"elementor-column elementor-col-100 elementor-top-column elementor-element elementor-element-717096f\" data-id=\"717096f\" data-element_type=\"column\">\n\t\t\t<div class=\"elementor-widget-wrap elementor-element-populated\">\n\t\t\t\t\t\t<div class=\"elementor-element elementor-element-ee2f1e6 elementor-widget elementor-widget-text-editor\" data-id=\"ee2f1e6\" data-element_type=\"widget\" data-widget_type=\"text-editor.default\">\n\t\t\t\t<div class=\"elementor-widget-container\">\n\t\t\t\t\t\t\t<h3><span style=\"color: #1468b1;\"><strong>Expira\u00e7\u00e3o no direito civil catal\u00e3o<\/strong><\/span><\/h3><p><span style=\"color: #000000;\">No caso da Catalunha, o C\u00f3digo Civil catal\u00e3o estabelece um prazo geral de prescri\u00e7\u00e3o para d\u00edvidas n\u00e3o pagas de <b>10 anos<\/b>, salvo disposi\u00e7\u00e3o em contr\u00e1rio da legisla\u00e7\u00e3o. Exceto pelas seguintes d\u00edvidas que <b>prescrever para<\/b> <b>tr\u00eas anos<\/b>:<\/span><\/p><ul><li><span style=\"color: #000000;\"><b>para)<\/b> D\u00edvidas n\u00e3o pagas relativas a pagamentos peri\u00f3dicos que devem ser feitos por anos ou per\u00edodos mais curtos.<\/span><\/li><li><span style=\"color: #000000;\"><b>b)<\/b> D\u00edvidas relativas a remunera\u00e7\u00e3o pela presta\u00e7\u00e3o de servi\u00e7os e execu\u00e7\u00e3o de obras.<\/span><\/li><li><span style=\"color: #000000;\"><b>c)<\/b> Faturas de vendas ao consumidor n\u00e3o pagas.<\/span><\/li><li><span style=\"color: #000000;\"><b>e)<\/b> D\u00edvidas derivadas de responsabilidade extracontratual.<\/span><\/li><\/ul>\t\t\t\t\t\t<\/div>\n\t\t\t\t<\/div>\n\t\t\t\t\t<\/div>\n\t\t<\/div>\n\t\t\t\t\t<\/div>\n\t\t<\/section>\n\t\t\t\t<section class=\"elementor-section elementor-top-section elementor-element elementor-element-2f6a7c2 elementor-section-boxed elementor-section-height-default elementor-section-height-default\" data-id=\"2f6a7c2\" data-element_type=\"section\">\n\t\t\t\t\t\t<div class=\"elementor-container elementor-column-gap-default\">\n\t\t\t\t\t<div class=\"elementor-column elementor-col-100 elementor-top-column elementor-element elementor-element-1ca7528\" data-id=\"1ca7528\" data-element_type=\"column\">\n\t\t\t<div class=\"elementor-widget-wrap elementor-element-populated\">\n\t\t\t\t\t\t<div class=\"elementor-element elementor-element-a781f52 elementor-widget elementor-widget-text-editor\" data-id=\"a781f52\" data-element_type=\"widget\" data-widget_type=\"text-editor.default\">\n\t\t\t\t<div class=\"elementor-widget-container\">\n\t\t\t\t\t\t\t<h3><span style=\"color: #1468b1;\"><strong>In\u00edcio da prescri\u00e7\u00e3o de uma d\u00edvida<\/strong><\/span><\/h3>\n<p><span style=\"color: #000000;\">O prazo a partir do qual come\u00e7a a prescri\u00e7\u00e3o \u00e9 a partir da data em que as a\u00e7\u00f5es de cobran\u00e7a de d\u00edvidas n\u00e3o pagas possam ser exercidas.<\/span><\/p>\n<p><span style=\"color: #000000;\">No caso de a\u00e7\u00f5es pessoais, que \u00e9 o que nos interessa, o prazo de prescri\u00e7\u00e3o come\u00e7ar\u00e1 a contar a partir do momento em que o respetivo cr\u00e9dito n\u00e3o foi satisfeito, data do <b>vencimento da fatura<\/b> n\u00e3o remunerado<\/span><\/p>\t\t\t\t\t\t<\/div>\n\t\t\t\t<\/div>\n\t\t\t\t\t<\/div>\n\t\t<\/div>\n\t\t\t\t\t<\/div>\n\t\t<\/section>\n\t\t\t\t<section class=\"elementor-section elementor-top-section elementor-element elementor-element-1063c50 elementor-section-boxed elementor-section-height-default elementor-section-height-default\" data-id=\"1063c50\" data-element_type=\"section\">\n\t\t\t\t\t\t<div class=\"elementor-container elementor-column-gap-default\">\n\t\t\t\t\t<div class=\"elementor-column elementor-col-100 elementor-top-column elementor-element elementor-element-b4b95c6\" data-id=\"b4b95c6\" data-element_type=\"column\">\n\t\t\t<div class=\"elementor-widget-wrap elementor-element-populated\">\n\t\t\t\t\t\t<div class=\"elementor-element elementor-element-815e004 elementor-widget elementor-widget-text-editor\" data-id=\"815e004\" data-element_type=\"widget\" data-widget_type=\"text-editor.default\">\n\t\t\t\t<div class=\"elementor-widget-container\">\n\t\t\t\t\t\t\t<h3><span style=\"color: #1468b1;\"><strong>A interrup\u00e7\u00e3o da prescri\u00e7\u00e3o de uma d\u00edvida n\u00e3o paga<\/strong><\/span><\/h3><p><span style=\"color: #000000;\">A prescri\u00e7\u00e3o de d\u00edvida n\u00e3o paga \u00e9 o exerc\u00edcio da a\u00e7\u00e3o ou reivindica\u00e7\u00e3o do direito antes do t\u00e9rmino do prazo.<\/span><\/p><p><span style=\"color: #000000;\">O artigo 1973 CC diz. que \u201ca prescri\u00e7\u00e3o \u00e9 interrompida pelo seu exerc\u00edcio judicial, pela reclama\u00e7\u00e3o extrajudicial e por qualquer ato de reconhecimento do devedor\u201d.<\/span><\/p><p><span style=\"color: #000000;\">Isto significa que o prazo prescricional para d\u00edvidas comerciais n\u00e3o pagas <b>Eles v\u00e3o parar de contar e come\u00e7ar de novo<\/b> uma vez cessada a causa que motivou a interrup\u00e7\u00e3o.<\/span><\/p>\t\t\t\t\t\t<\/div>\n\t\t\t\t<\/div>\n\t\t\t\t\t<\/div>\n\t\t<\/div>\n\t\t\t\t\t<\/div>\n\t\t<\/section>\n\t\t\t\t<section class=\"elementor-section elementor-top-section elementor-element elementor-element-3b1d47c elementor-section-boxed elementor-section-height-default elementor-section-height-default\" data-id=\"3b1d47c\" data-element_type=\"section\">\n\t\t\t\t\t\t<div class=\"elementor-container elementor-column-gap-default\">\n\t\t\t\t\t<div class=\"elementor-column elementor-col-100 elementor-top-column elementor-element elementor-element-bf1f72a\" data-id=\"bf1f72a\" data-element_type=\"column\">\n\t\t\t<div class=\"elementor-widget-wrap elementor-element-populated\">\n\t\t\t\t\t\t<div class=\"elementor-element elementor-element-3738cb6 elementor-widget elementor-widget-heading\" data-id=\"3738cb6\" data-element_type=\"widget\" data-widget_type=\"heading.default\">\n\t\t\t\t<div class=\"elementor-widget-container\">\n\t\t\t<h2 class=\"elementor-heading-title elementor-size-default\">Solicite informa\u00e7\u00f5es para recuperar suas d\u00edvidas<\/h2>\t\t<\/div>\n\t\t\t\t<\/div>\n\t\t\t\t\t<\/div>\n\t\t<\/div>\n\t\t\t\t\t<\/div>\n\t\t<\/section>\n\t\t\t\t<section class=\"elementor-section elementor-top-section elementor-element elementor-element-fc1bf0e elementor-section-boxed elementor-section-height-default elementor-section-height-default\" data-id=\"fc1bf0e\" data-element_type=\"section\">\n\t\t\t\t\t\t<div class=\"elementor-container elementor-column-gap-default\">\n\t\t\t\t\t<div class=\"elementor-column elementor-col-100 elementor-top-column elementor-element elementor-element-48e1190\" data-id=\"48e1190\" data-element_type=\"column\">\n\t\t\t<div class=\"elementor-widget-wrap elementor-element-populated\">\n\t\t\t\t\t\t<div class=\"elementor-element elementor-element-fa9e3a9 elementor-widget elementor-widget-text-editor\" data-id=\"fa9e3a9\" data-element_type=\"widget\" data-widget_type=\"text-editor.default\">\n\t\t\t\t<div class=\"elementor-widget-container\">\n\t\t\t\t\t\t\t<p>\n<div class=\"wpcf7 no-js\" id=\"wpcf7-f1254-o1\" lang=\"es-ES\" dir=\"ltr\">\n<div class=\"screen-reader-response\"><p role=\"status\" aria-live=\"polite\" aria-atomic=\"true\"><\/p> <ul><\/ul><\/div>\n<form action=\"\/pt\/wp-json\/wp\/v2\/posts\/3758#wpcf7-f1254-o1\" method=\"post\" class=\"wpcf7-form init\" aria-label=\"Formulario de contacto\" novalidate=\"novalidate\" data-status=\"init\" data-trp-original-action=\"\/pt\/wp-json\/wp\/v2\/posts\/3758#wpcf7-f1254-o1\">\n<div style=\"display: none;\">\n<input type=\"hidden\" name=\"_wpcf7\" value=\"1254\" \/>\n<input type=\"hidden\" name=\"_wpcf7_version\" value=\"5.9.8\" \/>\n<input type=\"hidden\" name=\"_wpcf7_locale\" value=\"es_ES\" \/>\n<input type=\"hidden\" name=\"_wpcf7_unit_tag\" value=\"wpcf7-f1254-o1\" \/>\n<input type=\"hidden\" name=\"_wpcf7_container_post\" value=\"0\" \/>\n<input type=\"hidden\" name=\"_wpcf7_posted_data_hash\" value=\"\" \/>\n<input type=\"hidden\" name=\"_wpcf7_recaptcha_response\" value=\"\" \/>\n<\/div>\n<p><label> Nome<br \/>\n<span class=\"wpcf7-form-control-wrap\" data-name=\"your-name\"><input size=\"40\" maxlength=\"400\" class=\"wpcf7-form-control wpcf7-text wpcf7-validates-as-required\" aria-required=\"true\" aria-invalid=\"false\" value=\"\" type=\"text\" name=\"your-name\" \/><\/span> <\/label>\n<\/p>\n<p><label> Empresa<br \/>\n<span class=\"wpcf7-form-control-wrap\" data-name=\"Empresa\"><input size=\"40\" maxlength=\"400\" class=\"wpcf7-form-control wpcf7-text 1\" id=\"1\" aria-invalid=\"false\" value=\"\" type=\"text\" name=\"Empresa\" \/><\/span> <\/label>\n<\/p>\n<p><label> E-mail<br \/>\n<span class=\"wpcf7-form-control-wrap\" data-name=\"your-email\"><input size=\"40\" maxlength=\"400\" class=\"wpcf7-form-control wpcf7-email wpcf7-validates-as-required wpcf7-text wpcf7-validates-as-email\" aria-required=\"true\" aria-invalid=\"false\" value=\"\" type=\"email\" name=\"your-email\" \/><\/span> <\/label>\n<\/p>\n<p><label> Telefone<br \/>\n<span class=\"wpcf7-form-control-wrap\" data-name=\"tel-370\"><input size=\"40\" maxlength=\"400\" class=\"wpcf7-form-control wpcf7-tel wpcf7-text wpcf7-validates-as-tel\" aria-invalid=\"false\" value=\"\" type=\"tel\" name=\"tel-370\" \/><\/span> <\/label>\n<\/p>\n<p><span class=\"wpcf7-form-control-wrap\" data-name=\"radio-957\"><span class=\"wpcf7-form-control wpcf7-radio\"><span class=\"wpcf7-list-item first\"><label><input type=\"radio\" name=\"radio-957\" value=\"Recobro Premium\" checked=\"checked\" \/><span class=\"wpcf7-list-item-label\">Cole\u00e7\u00e3o Premium<\/span><\/label><\/span><span class=\"wpcf7-list-item\"><label><input type=\"radio\" name=\"radio-957\" value=\"Recobro Basic\" \/><span class=\"wpcf7-list-item-label\">Cole\u00e7\u00e3o B\u00e1sica<\/span><\/label><\/span><span class=\"wpcf7-list-item last\"><label><input type=\"radio\" name=\"radio-957\" value=\"Recobro Puntual\" \/><span class=\"wpcf7-list-item-label\">Coleta Pontual<\/span><\/label><\/span><\/span><\/span>\n<\/p>\n<p><label> Mensagem<br \/>\n<span class=\"wpcf7-form-control-wrap\" data-name=\"your-message\"><textarea cols=\"40\" rows=\"10\" maxlength=\"2000\" class=\"wpcf7-form-control wpcf7-textarea\" aria-invalid=\"false\" name=\"your-message\"><\/textarea><\/span> <\/label>\n<\/p>\n<p><span class=\"wpcf7-form-control-wrap\" data-name=\"acceptance-201\"><span class=\"wpcf7-form-control wpcf7-acceptance\"><span class=\"wpcf7-list-item\"><label><input type=\"checkbox\" name=\"acceptance-201\" value=\"1\" aria-invalid=\"false\" \/><span class=\"wpcf7-list-item-label\">eu aceito o <a hred=\"http:\/\/imrecobros.com\/politicas-de-privacidad\/\">pol\u00edtica de Privacidade<\/a><\/span><\/label><\/span><\/span><\/span>\n<\/p>\n<span class=\"wpcf7-form-control-wrap recaptcha\" data-name=\"recaptcha\"><span data-sitekey=\"6LdkLtcaAAAAAGOEQ5_MNLRHhlhUXdWa1ECDi2RU\" class=\"wpcf7-form-control wpcf7-recaptcha g-recaptcha\"><\/span>\r\n<noscript>\r\n\t<div class=\"grecaptcha-noscript\">\r\n\t\t<iframe src=\"https:\/\/www.google.com\/recaptcha\/api\/fallback?k=6LdkLtcaAAAAAGOEQ5_MNLRHhlhUXdWa1ECDi2RU\" frameborder=\"0\" scrolling=\"no\" width=\"310\" height=\"430\">\r\n\t\t<\/iframe>\r\n\t\t<textarea name=\"g-recaptcha-response\" rows=\"3\" cols=\"40\" placeholder=\"Aqu\u00ed la respuesta de reCAPTCHA\">\r\n\t\t<\/textarea>\r\n\t<\/div>\r\n<\/noscript>\r\n<\/span>\n<div style=\"\u00bbclear:\" both;\u00bb>\n\t<p>&nbsp;\n\t<\/p>\n<\/div>\n<p><input class=\"wpcf7-form-control wpcf7-submit has-spinner\" type=\"submit\" value=\"Enviar\" \/>\n<\/p><p style=\"display: none !important;\" class=\"akismet-fields-container\" data-prefix=\"_wpcf7_ak_\"><label>&#916;<textarea name=\"_wpcf7_ak_hp_textarea\" cols=\"45\" rows=\"8\" maxlength=\"100\"><\/textarea><\/label><input type=\"hidden\" id=\"ak_js_1\" name=\"_wpcf7_ak_js\" value=\"1\"\/><script>document.getElementById( \"ak_js_1\" ).setAttribute( \"value\", ( new Date() ).getTime() );<\/script><\/p><div class=\"wpcf7-response-output\" aria-hidden=\"true\"><\/div>\n<input type=\"hidden\" name=\"trp-form-language\" value=\"pt\"\/><\/form>\n<\/div>\n<\/p><p>\u00a0<\/p>\t\t\t\t\t\t<\/div>\n\t\t\t\t<\/div>\n\t\t\t\t\t<\/div>\n\t\t<\/div>\n\t\t\t\t\t<\/div>\n\t\t<\/section>\n\t\t\t\t<section class=\"elementor-section elementor-top-section elementor-element elementor-element-2965492 elementor-section-boxed elementor-section-height-default elementor-section-height-default\" data-id=\"2965492\" data-element_type=\"section\">\n\t\t\t\t\t\t<div class=\"elementor-container elementor-column-gap-default\">\n\t\t\t\t\t<div class=\"elementor-column elementor-col-100 elementor-top-column elementor-element elementor-element-8145b5b\" data-id=\"8145b5b\" data-element_type=\"column\">\n\t\t\t<div class=\"elementor-widget-wrap elementor-element-populated\">\n\t\t\t\t\t\t<div class=\"elementor-element elementor-element-38b8872 elementor-shape-rounded elementor-grid-0 e-grid-align-center elementor-widget elementor-widget-social-icons\" data-id=\"38b8872\" data-element_type=\"widget\" data-widget_type=\"social-icons.default\">\n\t\t\t\t<div class=\"elementor-widget-container\">\n\t\t\t\t\t<div class=\"elementor-social-icons-wrapper elementor-grid\">\n\t\t\t\t\t\t\t<span class=\"elementor-grid-item\">\n\t\t\t\t\t<a class=\"elementor-icon elementor-social-icon elementor-social-icon-linkedin elementor-repeater-item-0539c77\" href=\"https:\/\/www.linkedin.com\/company\/imrecobros\/\" target=\"_blank\">\n\t\t\t\t\t\t<span class=\"elementor-screen-only\">Linkedin<\/span>\n\t\t\t\t\t\t<i class=\"fab fa-linkedin\"><\/i>\t\t\t\t\t<\/a>\n\t\t\t\t<\/span>\n\t\t\t\t\t\t\t<span class=\"elementor-grid-item\">\n\t\t\t\t\t<a class=\"elementor-icon elementor-social-icon elementor-social-icon-facebook elementor-repeater-item-636d86b\" href=\"https:\/\/www.facebook.com\/IMrecobros\" target=\"_blank\">\n\t\t\t\t\t\t<span class=\"elementor-screen-only\">Facebook<\/span>\n\t\t\t\t\t\t<i class=\"fab fa-facebook\"><\/i>\t\t\t\t\t<\/a>\n\t\t\t\t<\/span>\n\t\t\t\t\t<\/div>\n\t\t\t\t<\/div>\n\t\t\t\t<\/div>\n\t\t\t\t\t<\/div>\n\t\t<\/div>\n\t\t\t\t\t<\/div>\n\t\t<\/section>\n\t\t\t\t<\/div>","protected":false},"excerpt":{"rendered":"<p>A d\u00edvida n\u00e3o paga e n\u00e3o cobrada n\u00e3o expira, mas prescreve a a\u00e7\u00e3o para reivindic\u00e1-la. Principalmente \u00e9 importante saber que uma d\u00edvida n\u00e3o expira. A prescri\u00e7\u00e3o de d\u00edvida n\u00e3o paga representa forma de extin\u00e7\u00e3o das a\u00e7\u00f5es de cobran\u00e7a pelo simples decurso do tempo e est\u00e1 regulamentada nos arts. 1961 a 1975 do C\u00f3digo\u2026<\/p>\n<p class=\"read-more\"> <a class=\"\" href=\"https:\/\/imrecobros.com\/pt\/cuando-caduca-una-deuda-prescripcion-de-una-deuda\/\"> <span class=\"screen-reader-text\">Uma d\u00edvida n\u00e3o paga expira?<\/span> Read More &raquo;<\/a><\/p>","protected":false},"author":3,"featured_media":0,"comment_status":"open","ping_status":"open","sticky":false,"template":"","format":"standard","meta":{"site-sidebar-layout":"default","site-content-layout":"default","ast-global-header-display":"","ast-main-header-display":"","ast-hfb-above-header-display":"","ast-hfb-below-header-display":"","ast-hfb-mobile-header-display":"","site-post-title":"","ast-breadcrumbs-content":"","ast-featured-img":"","footer-sml-layout":"","theme-transparent-header-meta":"default","adv-header-id-meta":"","stick-header-meta":"","header-above-stick-meta":"","header-main-stick-meta":"","header-below-stick-meta":"","footnotes":""},"categories":[5],"tags":[11,10,9,16,13,6,7],"yoast_head":"<!-- This site is optimized with the Yoast SEO plugin v23.3 - https:\/\/yoast.com\/wordpress\/plugins\/seo\/ -->\n<title>\u00bfCaduca una deuda impagada? (Prescripci\u00f3n de una deuda) - IMrecobros<\/title>\n<meta name=\"description\" content=\"La deuda impagada y no recobrada no caduca, sino que prescribe la acci\u00f3n para reclamarla. En nuestro blog te explicamos c\u00f3mo gestionarlas.\" \/>\n<meta name=\"robots\" content=\"index, follow, max-snippet:-1, max-image-preview:large, max-video-preview:-1\" \/>\n<link rel=\"canonical\" href=\"https:\/\/imrecobros.com\/pt\/cuando-caduca-una-deuda-prescripcion-de-una-deuda\/\" \/>\n<meta property=\"og:locale\" content=\"pt_PT\" \/>\n<meta property=\"og:type\" content=\"article\" \/>\n<meta property=\"og:title\" content=\"\u00bfCaduca una deuda impagada? (Prescripci\u00f3n de una deuda) - IMrecobros\" \/>\n<meta property=\"og:description\" content=\"La deuda impagada y no recobrada no caduca, sino que prescribe la acci\u00f3n para reclamarla. En nuestro blog te explicamos c\u00f3mo gestionarlas.\" \/>\n<meta property=\"og:url\" content=\"https:\/\/imrecobros.com\/pt\/cuando-caduca-una-deuda-prescripcion-de-una-deuda\/\" \/>\n<meta property=\"og:site_name\" content=\"IMrecobros\" \/>\n<meta property=\"article:publisher\" content=\"https:\/\/www.facebook.com\/IMrecobros\" \/>\n<meta property=\"article:published_time\" content=\"2022-04-27T07:31:23+00:00\" \/>\n<meta property=\"article:modified_time\" content=\"2022-12-19T16:35:26+00:00\" \/>\n<meta property=\"og:image\" content=\"https:\/\/imrecobros.com\/wp-content\/uploads\/2022\/04\/D344496F-428D-4326-BFA9-5175F3A0629B-1024x683.jpeg\" \/>\n<meta name=\"author\" content=\"Ferran Moreu\" \/>\n<meta name=\"twitter:card\" content=\"summary_large_image\" \/>\n<meta name=\"twitter:label1\" content=\"Escrito por\" \/>\n\t<meta name=\"twitter:data1\" content=\"Ferran Moreu\" \/>\n\t<meta name=\"twitter:label2\" content=\"Tempo estimado de leitura\" \/>\n\t<meta name=\"twitter:data2\" content=\"3 minutos\" \/>\n<script type=\"application\/ld+json\" class=\"yoast-schema-graph\">{\"@context\":\"https:\/\/schema.org\",\"@graph\":[{\"@type\":\"Article\",\"@id\":\"https:\/\/imrecobros.com\/cuando-caduca-una-deuda-prescripcion-de-una-deuda\/#article\",\"isPartOf\":{\"@id\":\"https:\/\/imrecobros.com\/cuando-caduca-una-deuda-prescripcion-de-una-deuda\/\"},\"author\":{\"name\":\"Ferran Moreu\",\"@id\":\"https:\/\/imrecobros.com\/#\/schema\/person\/b2806ebceb8876914dcf86bbea3fdfb6\"},\"headline\":\"\u00bfCaduca una deuda impagada?\",\"datePublished\":\"2022-04-27T07:31:23+00:00\",\"dateModified\":\"2022-12-19T16:35:26+00:00\",\"mainEntityOfPage\":{\"@id\":\"https:\/\/imrecobros.com\/cuando-caduca-una-deuda-prescripcion-de-una-deuda\/\"},\"wordCount\":474,\"commentCount\":0,\"publisher\":{\"@id\":\"https:\/\/imrecobros.com\/#organization\"},\"image\":{\"@id\":\"https:\/\/imrecobros.com\/cuando-caduca-una-deuda-prescripcion-de-una-deuda\/#primaryimage\"},\"thumbnailUrl\":\"https:\/\/imrecobros.com\/wp-content\/uploads\/2022\/04\/D344496F-428D-4326-BFA9-5175F3A0629B-1024x683.jpeg\",\"keywords\":[\"empresas de recobro\",\"impagadas\",\"impagados\",\"reclamaci\u00f3n deuda\",\"reclamar facturas\",\"Recobro\",\"recobro de deudas\"],\"articleSection\":[\"Recobro de Deuda\"],\"inLanguage\":\"pt-PT\",\"potentialAction\":[{\"@type\":\"CommentAction\",\"name\":\"Comment\",\"target\":[\"https:\/\/imrecobros.com\/cuando-caduca-una-deuda-prescripcion-de-una-deuda\/#respond\"]}]},{\"@type\":\"WebPage\",\"@id\":\"https:\/\/imrecobros.com\/cuando-caduca-una-deuda-prescripcion-de-una-deuda\/\",\"url\":\"https:\/\/imrecobros.com\/cuando-caduca-una-deuda-prescripcion-de-una-deuda\/\",\"name\":\"\u00bfCaduca una deuda impagada? (Prescripci\u00f3n de una deuda) - IMrecobros\",\"isPartOf\":{\"@id\":\"https:\/\/imrecobros.com\/#website\"},\"primaryImageOfPage\":{\"@id\":\"https:\/\/imrecobros.com\/cuando-caduca-una-deuda-prescripcion-de-una-deuda\/#primaryimage\"},\"image\":{\"@id\":\"https:\/\/imrecobros.com\/cuando-caduca-una-deuda-prescripcion-de-una-deuda\/#primaryimage\"},\"thumbnailUrl\":\"https:\/\/imrecobros.com\/wp-content\/uploads\/2022\/04\/D344496F-428D-4326-BFA9-5175F3A0629B-1024x683.jpeg\",\"datePublished\":\"2022-04-27T07:31:23+00:00\",\"dateModified\":\"2022-12-19T16:35:26+00:00\",\"description\":\"La deuda impagada y no recobrada no caduca, sino que prescribe la acci\u00f3n para reclamarla. En nuestro blog te explicamos c\u00f3mo gestionarlas.\",\"breadcrumb\":{\"@id\":\"https:\/\/imrecobros.com\/cuando-caduca-una-deuda-prescripcion-de-una-deuda\/#breadcrumb\"},\"inLanguage\":\"pt-PT\",\"potentialAction\":[{\"@type\":\"ReadAction\",\"target\":[\"https:\/\/imrecobros.com\/cuando-caduca-una-deuda-prescripcion-de-una-deuda\/\"]}]},{\"@type\":\"ImageObject\",\"inLanguage\":\"pt-PT\",\"@id\":\"https:\/\/imrecobros.com\/cuando-caduca-una-deuda-prescripcion-de-una-deuda\/#primaryimage\",\"url\":\"https:\/\/imrecobros.com\/wp-content\/uploads\/2022\/04\/D344496F-428D-4326-BFA9-5175F3A0629B-1024x683.jpeg\",\"contentUrl\":\"https:\/\/imrecobros.com\/wp-content\/uploads\/2022\/04\/D344496F-428D-4326-BFA9-5175F3A0629B-1024x683.jpeg\"},{\"@type\":\"BreadcrumbList\",\"@id\":\"https:\/\/imrecobros.com\/cuando-caduca-una-deuda-prescripcion-de-una-deuda\/#breadcrumb\",\"itemListElement\":[{\"@type\":\"ListItem\",\"position\":1,\"name\":\"Portada\",\"item\":\"https:\/\/imrecobros.com\/\"},{\"@type\":\"ListItem\",\"position\":2,\"name\":\"\u00bfCaduca una deuda impagada?\"}]},{\"@type\":\"WebSite\",\"@id\":\"https:\/\/imrecobros.com\/#website\",\"url\":\"https:\/\/imrecobros.com\/\",\"name\":\"IMrecobros\",\"description\":\"IMrecobros SL: empresa de recobro y consultor\u00eda de cr\u00e9dito\",\"publisher\":{\"@id\":\"https:\/\/imrecobros.com\/#organization\"},\"potentialAction\":[{\"@type\":\"SearchAction\",\"target\":{\"@type\":\"EntryPoint\",\"urlTemplate\":\"https:\/\/imrecobros.com\/?s={search_term_string}\"},\"query-input\":\"required name=search_term_string\"}],\"inLanguage\":\"pt-PT\"},{\"@type\":\"Organization\",\"@id\":\"https:\/\/imrecobros.com\/#organization\",\"name\":\"IMRECOBROS\",\"url\":\"https:\/\/imrecobros.com\/\",\"logo\":{\"@type\":\"ImageObject\",\"inLanguage\":\"pt-PT\",\"@id\":\"https:\/\/imrecobros.com\/#\/schema\/logo\/image\/\",\"url\":\"https:\/\/imrecobros.com\/wp-content\/uploads\/2021\/01\/LOGO_IMRECOBROS-DEFINITIU.png\",\"contentUrl\":\"https:\/\/imrecobros.com\/wp-content\/uploads\/2021\/01\/LOGO_IMRECOBROS-DEFINITIU.png\",\"width\":339,\"height\":194,\"caption\":\"IMRECOBROS\"},\"image\":{\"@id\":\"https:\/\/imrecobros.com\/#\/schema\/logo\/image\/\"},\"sameAs\":[\"https:\/\/www.facebook.com\/IMrecobros\",\"https:\/\/www.linkedin.com\/company\/imrecobros\"]},{\"@type\":\"Person\",\"@id\":\"https:\/\/imrecobros.com\/#\/schema\/person\/b2806ebceb8876914dcf86bbea3fdfb6\",\"name\":\"Ferran Moreu\",\"image\":{\"@type\":\"ImageObject\",\"inLanguage\":\"pt-PT\",\"@id\":\"https:\/\/imrecobros.com\/#\/schema\/person\/image\/\",\"url\":\"https:\/\/secure.gravatar.com\/avatar\/004af6fdffc47c8ca6dcc2ff5810235d?s=96&r=g\",\"contentUrl\":\"https:\/\/secure.gravatar.com\/avatar\/004af6fdffc47c8ca6dcc2ff5810235d?s=96&r=g\",\"caption\":\"Ferran Moreu\"}}]}<\/script>\n<!-- \/ Yoast SEO plugin. -->","yoast_head_json":{"title":"\u00bfCaduca una deuda impagada? (Prescripci\u00f3n de una deuda) - IMrecobros","description":"La deuda impagada y no recobrada no caduca, sino que prescribe la acci\u00f3n para reclamarla. En nuestro blog te explicamos c\u00f3mo gestionarlas.","robots":{"index":"index","follow":"follow","max-snippet":"max-snippet:-1","max-image-preview":"max-image-preview:large","max-video-preview":"max-video-preview:-1"},"canonical":"https:\/\/imrecobros.com\/pt\/cuando-caduca-una-deuda-prescripcion-de-una-deuda\/","og_locale":"pt_PT","og_type":"article","og_title":"\u00bfCaduca una deuda impagada? (Prescripci\u00f3n de una deuda) - IMrecobros","og_description":"La deuda impagada y no recobrada no caduca, sino que prescribe la acci\u00f3n para reclamarla. En nuestro blog te explicamos c\u00f3mo gestionarlas.","og_url":"https:\/\/imrecobros.com\/pt\/cuando-caduca-una-deuda-prescripcion-de-una-deuda\/","og_site_name":"IMrecobros","article_publisher":"https:\/\/www.facebook.com\/IMrecobros","article_published_time":"2022-04-27T07:31:23+00:00","article_modified_time":"2022-12-19T16:35:26+00:00","og_image":[{"url":"https:\/\/imrecobros.com\/wp-content\/uploads\/2022\/04\/D344496F-428D-4326-BFA9-5175F3A0629B-1024x683.jpeg"}],"author":"Ferran Moreu","twitter_card":"summary_large_image","twitter_misc":{"Escrito por":"Ferran Moreu","Tempo estimado de leitura":"3 minutos"},"schema":{"@context":"https:\/\/schema.org","@graph":[{"@type":"Article","@id":"https:\/\/imrecobros.com\/cuando-caduca-una-deuda-prescripcion-de-una-deuda\/#article","isPartOf":{"@id":"https:\/\/imrecobros.com\/cuando-caduca-una-deuda-prescripcion-de-una-deuda\/"},"author":{"name":"Ferran Moreu","@id":"https:\/\/imrecobros.com\/#\/schema\/person\/b2806ebceb8876914dcf86bbea3fdfb6"},"headline":"\u00bfCaduca una deuda impagada?","datePublished":"2022-04-27T07:31:23+00:00","dateModified":"2022-12-19T16:35:26+00:00","mainEntityOfPage":{"@id":"https:\/\/imrecobros.com\/cuando-caduca-una-deuda-prescripcion-de-una-deuda\/"},"wordCount":474,"commentCount":0,"publisher":{"@id":"https:\/\/imrecobros.com\/#organization"},"image":{"@id":"https:\/\/imrecobros.com\/cuando-caduca-una-deuda-prescripcion-de-una-deuda\/#primaryimage"},"thumbnailUrl":"https:\/\/imrecobros.com\/wp-content\/uploads\/2022\/04\/D344496F-428D-4326-BFA9-5175F3A0629B-1024x683.jpeg","keywords":["empresas de recobro","impagadas","impagados","reclamaci\u00f3n deuda","reclamar facturas","Recobro","recobro de deudas"],"articleSection":["Recobro de Deuda"],"inLanguage":"pt-PT","potentialAction":[{"@type":"CommentAction","name":"Comment","target":["https:\/\/imrecobros.com\/cuando-caduca-una-deuda-prescripcion-de-una-deuda\/#respond"]}]},{"@type":"WebPage","@id":"https:\/\/imrecobros.com\/cuando-caduca-una-deuda-prescripcion-de-una-deuda\/","url":"https:\/\/imrecobros.com\/cuando-caduca-una-deuda-prescripcion-de-una-deuda\/","name":"\u00bfCaduca una deuda impagada? (Prescripci\u00f3n de una deuda) - IMrecobros","isPartOf":{"@id":"https:\/\/imrecobros.com\/#website"},"primaryImageOfPage":{"@id":"https:\/\/imrecobros.com\/cuando-caduca-una-deuda-prescripcion-de-una-deuda\/#primaryimage"},"image":{"@id":"https:\/\/imrecobros.com\/cuando-caduca-una-deuda-prescripcion-de-una-deuda\/#primaryimage"},"thumbnailUrl":"https:\/\/imrecobros.com\/wp-content\/uploads\/2022\/04\/D344496F-428D-4326-BFA9-5175F3A0629B-1024x683.jpeg","datePublished":"2022-04-27T07:31:23+00:00","dateModified":"2022-12-19T16:35:26+00:00","description":"La deuda impagada y no recobrada no caduca, sino que prescribe la acci\u00f3n para reclamarla. En nuestro blog te explicamos c\u00f3mo gestionarlas.","breadcrumb":{"@id":"https:\/\/imrecobros.com\/cuando-caduca-una-deuda-prescripcion-de-una-deuda\/#breadcrumb"},"inLanguage":"pt-PT","potentialAction":[{"@type":"ReadAction","target":["https:\/\/imrecobros.com\/cuando-caduca-una-deuda-prescripcion-de-una-deuda\/"]}]},{"@type":"ImageObject","inLanguage":"pt-PT","@id":"https:\/\/imrecobros.com\/cuando-caduca-una-deuda-prescripcion-de-una-deuda\/#primaryimage","url":"https:\/\/imrecobros.com\/wp-content\/uploads\/2022\/04\/D344496F-428D-4326-BFA9-5175F3A0629B-1024x683.jpeg","contentUrl":"https:\/\/imrecobros.com\/wp-content\/uploads\/2022\/04\/D344496F-428D-4326-BFA9-5175F3A0629B-1024x683.jpeg"},{"@type":"BreadcrumbList","@id":"https:\/\/imrecobros.com\/cuando-caduca-una-deuda-prescripcion-de-una-deuda\/#breadcrumb","itemListElement":[{"@type":"ListItem","position":1,"name":"Portada","item":"https:\/\/imrecobros.com\/"},{"@type":"ListItem","position":2,"name":"\u00bfCaduca una deuda impagada?"}]},{"@type":"WebSite","@id":"https:\/\/imrecobros.com\/#website","url":"https:\/\/imrecobros.com\/","name":"Recupera\u00e7\u00f5es IM","description":"IMrecobros SL: empresa de cobran\u00e7a e consultoria de cr\u00e9dito","publisher":{"@id":"https:\/\/imrecobros.com\/#organization"},"potentialAction":[{"@type":"SearchAction","target":{"@type":"EntryPoint","urlTemplate":"https:\/\/imrecobros.com\/?s={search_term_string}"},"query-input":"required name=search_term_string"}],"inLanguage":"pt-PT"},{"@type":"Organization","@id":"https:\/\/imrecobros.com\/#organization","name":"IMRECOBROS","url":"https:\/\/imrecobros.com\/","logo":{"@type":"ImageObject","inLanguage":"pt-PT","@id":"https:\/\/imrecobros.com\/#\/schema\/logo\/image\/","url":"https:\/\/imrecobros.com\/wp-content\/uploads\/2021\/01\/LOGO_IMRECOBROS-DEFINITIU.png","contentUrl":"https:\/\/imrecobros.com\/wp-content\/uploads\/2021\/01\/LOGO_IMRECOBROS-DEFINITIU.png","width":339,"height":194,"caption":"IMRECOBROS"},"image":{"@id":"https:\/\/imrecobros.com\/#\/schema\/logo\/image\/"},"sameAs":["https:\/\/www.facebook.com\/IMrecobros","https:\/\/www.linkedin.com\/company\/imrecobros"]},{"@type":"Person","@id":"https:\/\/imrecobros.com\/#\/schema\/person\/b2806ebceb8876914dcf86bbea3fdfb6","name":"Ferran Moreu","image":{"@type":"ImageObject","inLanguage":"pt-PT","@id":"https:\/\/imrecobros.com\/#\/schema\/person\/image\/","url":"https:\/\/secure.gravatar.com\/avatar\/004af6fdffc47c8ca6dcc2ff5810235d?s=96&r=g","contentUrl":"https:\/\/secure.gravatar.com\/avatar\/004af6fdffc47c8ca6dcc2ff5810235d?s=96&r=g","caption":"Ferran Moreu"}}]}},"_links":{"self":[{"href":"https:\/\/imrecobros.com\/pt\/wp-json\/wp\/v2\/posts\/3758"}],"collection":[{"href":"https:\/\/imrecobros.com\/pt\/wp-json\/wp\/v2\/posts"}],"about":[{"href":"https:\/\/imrecobros.com\/pt\/wp-json\/wp\/v2\/types\/post"}],"author":[{"embeddable":true,"href":"https:\/\/imrecobros.com\/pt\/wp-json\/wp\/v2\/users\/3"}],"replies":[{"embeddable":true,"href":"https:\/\/imrecobros.com\/pt\/wp-json\/wp\/v2\/comments?post=3758"}],"version-history":[{"count":1,"href":"https:\/\/imrecobros.com\/pt\/wp-json\/wp\/v2\/posts\/3758\/revisions"}],"predecessor-version":[{"id":4705,"href":"https:\/\/imrecobros.com\/pt\/wp-json\/wp\/v2\/posts\/3758\/revisions\/4705"}],"wp:attachment":[{"href":"https:\/\/imrecobros.com\/pt\/wp-json\/wp\/v2\/media?parent=3758"}],"wp:term":[{"taxonomy":"category","embeddable":true,"href":"https:\/\/imrecobros.com\/pt\/wp-json\/wp\/v2\/categories?post=3758"},{"taxonomy":"post_tag","embeddable":true,"href":"https:\/\/imrecobros.com\/pt\/wp-json\/wp\/v2\/tags?post=3758"}],"curies":[{"name":"wp","href":"https:\/\/api.w.org\/{rel}","templated":true}]}}